{"id":8118,"date":"2020-11-04T16:53:46","date_gmt":"2020-11-04T16:53:46","guid":{"rendered":"https:\/\/mc.sonae.pt\/?p=8118"},"modified":"2020-12-07T16:58:20","modified_gmt":"2020-12-07T16:58:20","slug":"meu-super-reopens-in-idanha-a-nova","status":"publish","type":"post","link":"https:\/\/mc.sonae.pt\/en\/news\/meu-super-reopens-in-idanha-a-nova\/","title":{"rendered":"Meu Super reopens in Idanha-a-nova"},"content":{"rendered":"<strong>The Meu Super store in Idanha-a-Nova, located in the Municipal Market, reopens today, November 4th, after renovation works, in order to continue to meet the needs of consumers in the region.\r\n\r\n<img decoding=\"async\" class=\"size-full wp-image-7898 aligncenter\" src=\"https:\/\/mc.sonae.pt\/wp-content\/uploads\/2020\/10\/meu_super.jpg\" alt=\"\" width=\"651\" height=\"256\" srcset=\"https:\/\/mc.sonae.pt\/wp-content\/uploads\/2020\/10\/meu_super.jpg 651w, https:\/\/mc.sonae.pt\/wp-content\/uploads\/2020\/10\/meu_super-300x118.jpg 300w, https:\/\/mc.sonae.pt\/wp-content\/uploads\/2020\/10\/meu_super-150x59.jpg 150w\" sizes=\"(max-width: 651px) 100vw, 651px\" \/>\r\n<\/strong>\r\n\r\nWith a total sales area of 288 m\u00b2, the Meu Super store in Idanha-a-Nova wants to continue to be a reference within the local population in terms of the offer\u2019s diversity and quality, characterized by a service close to the customer, with a range of products tailored to the region and a personalized shopping experience. It is the 8th Meu Super store in the Castelo Branco district.\r\n\r\nThis Sonae MC proximity store offers the quality and variety of Continente brands such as Continente Sele\u00e7\u00e3o, F\u00e1cil &amp; Bom, Contemporal, \u00c1rea Viva or MyLABEL.\r\n\r\nConsumers can also enjoy all the advantages provided by the Continente loyalty card, through in-store discounts and benefits in a wide network of partners, consisting of fuel, clothing, insurance and gym operators.\r\n\r\n<strong>Idanha-a-Nova Meu Super Store<\/strong>\r\n\r\n<strong>Address<\/strong>: Mercado Municipal, R. da Fonte Nova Loja N\u00ba3, 6060-107 Idanha-a-Nova\r\n\r\n<strong>Opening Hours<\/strong>: Monday to Saturday from 9am to 8pm; Sundays and Holidays from 9 am to 1 pm and from 3 pm to 7 pm","protected":false},"excerpt":{"rendered":"The Meu Super store in Idanha-a-Nova, located in the Municipal Market, reopens today, November 4th, after renovation works, in order [&hellip;]","protected":false},"author":15,"featured_media":7898,"comment_status":"closed","ping_status":"closed","sticky":false,"template":"","format":"standard","meta":{"footnotes":""},"categories":[158,175,192],"tags":[],"class_list":["post-8118","post","type-post","status-publish","format-standard","has-post-thumbnail","hentry","category-continente-en","category-news","category-openning"],"yoast_head":"<!-- This site is optimized with the Yoast SEO plugin v27.3 - https:\/\/yoast.com\/product\/yoast-seo-wordpress\/ -->\n<title>Meu Super reopens in Idanha-a-nova - MC<\/title>\n<meta name=\"robots\" content=\"index, follow, max-snippet:-1, max-image-preview:large, max-video-preview:-1\" \/>\n<link rel=\"canonical\" href=\"https:\/\/mc.sonae.pt\/en\/news\/meu-super-reopens-in-idanha-a-nova\/\" \/>\n<meta property=\"og:locale\" content=\"en_US\" \/>\n<meta property=\"og:type\" content=\"article\" \/>\n<meta property=\"og:title\" content=\"Meu Super reopens in Idanha-a-nova - MC\" \/>\n<meta property=\"og:description\" content=\"The Meu Super store in Idanha-a-Nova, located in the Municipal Market, reopens today, November 4th, after renovation works, in order [&hellip;]\" \/>\n<meta property=\"og:url\" content=\"https:\/\/mc.sonae.pt\/en\/news\/meu-super-reopens-in-idanha-a-nova\/\" \/>\n<meta property=\"og:site_name\" content=\"MC\" \/>\n<meta property=\"article:published_time\" content=\"2020-11-04T16:53:46+00:00\" \/>\n<meta property=\"article:modified_time\" content=\"2020-12-07T16:58:20+00:00\" \/>\n<meta property=\"og:image\" content=\"https:\/\/mc.sonae.pt\/wp-content\/uploads\/2020\/10\/meu_super.jpg\" \/>\n\t<meta property=\"og:image:width\" content=\"651\" \/>\n\t<meta property=\"og:image:height\" content=\"256\" \/>\n\t<meta property=\"og:image:type\" content=\"image\/jpeg\" \/>\n<meta name=\"author\" content=\"Orlando Ferreira da Silva J\u00fanior\" \/>\n<meta name=\"twitter:card\" content=\"summary_large_image\" \/>\n<meta name=\"twitter:label1\" content=\"Written by\" \/>\n\t<meta name=\"twitter:data1\" content=\"Orlando Ferreira da Silva J\u00fanior\" \/>\n\t<meta name=\"twitter:label2\" content=\"Est. reading time\" \/>\n\t<meta name=\"twitter:data2\" content=\"1 minute\" \/>\n<script type=\"application\/ld+json\" class=\"yoast-schema-graph\">{\"@context\":\"https:\\\/\\\/schema.org\",\"@graph\":[{\"@type\":\"Article\",\"@id\":\"https:\\\/\\\/mc.sonae.pt\\\/en\\\/news\\\/meu-super-reopens-in-idanha-a-nova\\\/#article\",\"isPartOf\":{\"@id\":\"https:\\\/\\\/mc.sonae.pt\\\/en\\\/news\\\/meu-super-reopens-in-idanha-a-nova\\\/\"},\"author\":{\"name\":\"Orlando Ferreira da Silva J\u00fanior\",\"@id\":\"https:\\\/\\\/mc.sonae.pt\\\/#\\\/schema\\\/person\\\/ce4b7c7b618c898c290139f9a6d495fa\"},\"headline\":\"Meu Super reopens in Idanha-a-nova\",\"datePublished\":\"2020-11-04T16:53:46+00:00\",\"dateModified\":\"2020-12-07T16:58:20+00:00\",\"mainEntityOfPage\":{\"@id\":\"https:\\\/\\\/mc.sonae.pt\\\/en\\\/news\\\/meu-super-reopens-in-idanha-a-nova\\\/\"},\"wordCount\":198,\"publisher\":{\"@id\":\"https:\\\/\\\/mc.sonae.pt\\\/#organization\"},\"image\":{\"@id\":\"https:\\\/\\\/mc.sonae.pt\\\/en\\\/news\\\/meu-super-reopens-in-idanha-a-nova\\\/#primaryimage\"},\"thumbnailUrl\":\"https:\\\/\\\/mc.sonae.pt\\\/wp-content\\\/uploads\\\/2020\\\/10\\\/meu_super.jpg\",\"articleSection\":[\"Continente\",\"News\",\"Openning\"],\"inLanguage\":\"en-US\"},{\"@type\":\"WebPage\",\"@id\":\"https:\\\/\\\/mc.sonae.pt\\\/en\\\/news\\\/meu-super-reopens-in-idanha-a-nova\\\/\",\"url\":\"https:\\\/\\\/mc.sonae.pt\\\/en\\\/news\\\/meu-super-reopens-in-idanha-a-nova\\\/\",\"name\":\"Meu Super reopens in Idanha-a-nova - MC\",\"isPartOf\":{\"@id\":\"https:\\\/\\\/mc.sonae.pt\\\/#website\"},\"primaryImageOfPage\":{\"@id\":\"https:\\\/\\\/mc.sonae.pt\\\/en\\\/news\\\/meu-super-reopens-in-idanha-a-nova\\\/#primaryimage\"},\"image\":{\"@id\":\"https:\\\/\\\/mc.sonae.pt\\\/en\\\/news\\\/meu-super-reopens-in-idanha-a-nova\\\/#primaryimage\"},\"thumbnailUrl\":\"https:\\\/\\\/mc.sonae.pt\\\/wp-content\\\/uploads\\\/2020\\\/10\\\/meu_super.jpg\",\"datePublished\":\"2020-11-04T16:53:46+00:00\",\"dateModified\":\"2020-12-07T16:58:20+00:00\",\"breadcrumb\":{\"@id\":\"https:\\\/\\\/mc.sonae.pt\\\/en\\\/news\\\/meu-super-reopens-in-idanha-a-nova\\\/#breadcrumb\"},\"inLanguage\":\"en-US\",\"potentialAction\":[{\"@type\":\"ReadAction\",\"target\":[\"https:\\\/\\\/mc.sonae.pt\\\/en\\\/news\\\/meu-super-reopens-in-idanha-a-nova\\\/\"]}]},{\"@type\":\"ImageObject\",\"inLanguage\":\"en-US\",\"@id\":\"https:\\\/\\\/mc.sonae.pt\\\/en\\\/news\\\/meu-super-reopens-in-idanha-a-nova\\\/#primaryimage\",\"url\":\"https:\\\/\\\/mc.sonae.pt\\\/wp-content\\\/uploads\\\/2020\\\/10\\\/meu_super.jpg\",\"contentUrl\":\"https:\\\/\\\/mc.sonae.pt\\\/wp-content\\\/uploads\\\/2020\\\/10\\\/meu_super.jpg\",\"width\":651,\"height\":256},{\"@type\":\"BreadcrumbList\",\"@id\":\"https:\\\/\\\/mc.sonae.pt\\\/en\\\/news\\\/meu-super-reopens-in-idanha-a-nova\\\/#breadcrumb\",\"itemListElement\":[{\"@type\":\"ListItem\",\"position\":1,\"name\":\"In\u00edcio\",\"item\":\"https:\\\/\\\/mc.sonae.pt\\\/en\\\/\"},{\"@type\":\"ListItem\",\"position\":2,\"name\":\"Meu Super reopens in Idanha-a-nova\"}]},{\"@type\":\"WebSite\",\"@id\":\"https:\\\/\\\/mc.sonae.pt\\\/#website\",\"url\":\"https:\\\/\\\/mc.sonae.pt\\\/\",\"name\":\"SonaeMC\",\"description\":\"L\u00edder do retalho alimentar em Portugal\",\"publisher\":{\"@id\":\"https:\\\/\\\/mc.sonae.pt\\\/#organization\"},\"potentialAction\":[{\"@type\":\"SearchAction\",\"target\":{\"@type\":\"EntryPoint\",\"urlTemplate\":\"https:\\\/\\\/mc.sonae.pt\\\/?s={search_term_string}\"},\"query-input\":{\"@type\":\"PropertyValueSpecification\",\"valueRequired\":true,\"valueName\":\"search_term_string\"}}],\"inLanguage\":\"en-US\"},{\"@type\":\"Organization\",\"@id\":\"https:\\\/\\\/mc.sonae.pt\\\/#organization\",\"name\":\"Sonae MC\",\"url\":\"https:\\\/\\\/mc.sonae.pt\\\/\",\"logo\":{\"@type\":\"ImageObject\",\"inLanguage\":\"en-US\",\"@id\":\"https:\\\/\\\/mc.sonae.pt\\\/#\\\/schema\\\/logo\\\/image\\\/\",\"url\":\"https:\\\/\\\/mc.sonae.pt\\\/wp-content\\\/uploads\\\/2018\\\/10\\\/logo.svg\",\"contentUrl\":\"https:\\\/\\\/mc.sonae.pt\\\/wp-content\\\/uploads\\\/2018\\\/10\\\/logo.svg\",\"width\":1,\"height\":1,\"caption\":\"Sonae MC\"},\"image\":{\"@id\":\"https:\\\/\\\/mc.sonae.pt\\\/#\\\/schema\\\/logo\\\/image\\\/\"}},{\"@type\":\"Person\",\"@id\":\"https:\\\/\\\/mc.sonae.pt\\\/#\\\/schema\\\/person\\\/ce4b7c7b618c898c290139f9a6d495fa\",\"name\":\"Orlando Ferreira da Silva J\u00fanior\",\"image\":{\"@type\":\"ImageObject\",\"inLanguage\":\"en-US\",\"@id\":\"https:\\\/\\\/secure.gravatar.com\\\/avatar\\\/a4ab9bdde3e528b85b6747d809b5135da9dd2eb8dcfb39c3841be76fa3a7cec6?s=96&d=mm&r=g\",\"url\":\"https:\\\/\\\/secure.gravatar.com\\\/avatar\\\/a4ab9bdde3e528b85b6747d809b5135da9dd2eb8dcfb39c3841be76fa3a7cec6?s=96&d=mm&r=g\",\"contentUrl\":\"https:\\\/\\\/secure.gravatar.com\\\/avatar\\\/a4ab9bdde3e528b85b6747d809b5135da9dd2eb8dcfb39c3841be76fa3a7cec6?s=96&d=mm&r=g\",\"caption\":\"Orlando Ferreira da Silva J\u00fanior\"}}]}<\/script>\n<!-- \/ Yoast SEO plugin. -->","yoast_head_json":{"title":"Meu Super reopens in Idanha-a-nova - MC","robots":{"index":"index","follow":"follow","max-snippet":"max-snippet:-1","max-image-preview":"max-image-preview:large","max-video-preview":"max-video-preview:-1"},"canonical":"https:\/\/mc.sonae.pt\/en\/news\/meu-super-reopens-in-idanha-a-nova\/","og_locale":"en_US","og_type":"article","og_title":"Meu Super reopens in Idanha-a-nova - MC","og_description":"The Meu Super store in Idanha-a-Nova, located in the Municipal Market, reopens today, November 4th, after renovation works, in order [&hellip;]","og_url":"https:\/\/mc.sonae.pt\/en\/news\/meu-super-reopens-in-idanha-a-nova\/","og_site_name":"MC","article_published_time":"2020-11-04T16:53:46+00:00","article_modified_time":"2020-12-07T16:58:20+00:00","og_image":[{"width":651,"height":256,"url":"https:\/\/mc.sonae.pt\/wp-content\/uploads\/2020\/10\/meu_super.jpg","type":"image\/jpeg"}],"author":"Orlando Ferreira da Silva J\u00fanior","twitter_card":"summary_large_image","twitter_misc":{"Written by":"Orlando Ferreira da Silva J\u00fanior","Est. reading time":"1 minute"},"schema":{"@context":"https:\/\/schema.org","@graph":[{"@type":"Article","@id":"https:\/\/mc.sonae.pt\/en\/news\/meu-super-reopens-in-idanha-a-nova\/#article","isPartOf":{"@id":"https:\/\/mc.sonae.pt\/en\/news\/meu-super-reopens-in-idanha-a-nova\/"},"author":{"name":"Orlando Ferreira da Silva J\u00fanior","@id":"https:\/\/mc.sonae.pt\/#\/schema\/person\/ce4b7c7b618c898c290139f9a6d495fa"},"headline":"Meu Super reopens in Idanha-a-nova","datePublished":"2020-11-04T16:53:46+00:00","dateModified":"2020-12-07T16:58:20+00:00","mainEntityOfPage":{"@id":"https:\/\/mc.sonae.pt\/en\/news\/meu-super-reopens-in-idanha-a-nova\/"},"wordCount":198,"publisher":{"@id":"https:\/\/mc.sonae.pt\/#organization"},"image":{"@id":"https:\/\/mc.sonae.pt\/en\/news\/meu-super-reopens-in-idanha-a-nova\/#primaryimage"},"thumbnailUrl":"https:\/\/mc.sonae.pt\/wp-content\/uploads\/2020\/10\/meu_super.jpg","articleSection":["Continente","News","Openning"],"inLanguage":"en-US"},{"@type":"WebPage","@id":"https:\/\/mc.sonae.pt\/en\/news\/meu-super-reopens-in-idanha-a-nova\/","url":"https:\/\/mc.sonae.pt\/en\/news\/meu-super-reopens-in-idanha-a-nova\/","name":"Meu Super reopens in Idanha-a-nova - MC","isPartOf":{"@id":"https:\/\/mc.sonae.pt\/#website"},"primaryImageOfPage":{"@id":"https:\/\/mc.sonae.pt\/en\/news\/meu-super-reopens-in-idanha-a-nova\/#primaryimage"},"image":{"@id":"https:\/\/mc.sonae.pt\/en\/news\/meu-super-reopens-in-idanha-a-nova\/#primaryimage"},"thumbnailUrl":"https:\/\/mc.sonae.pt\/wp-content\/uploads\/2020\/10\/meu_super.jpg","datePublished":"2020-11-04T16:53:46+00:00","dateModified":"2020-12-07T16:58:20+00:00","breadcrumb":{"@id":"https:\/\/mc.sonae.pt\/en\/news\/meu-super-reopens-in-idanha-a-nova\/#breadcrumb"},"inLanguage":"en-US","potentialAction":[{"@type":"ReadAction","target":["https:\/\/mc.sonae.pt\/en\/news\/meu-super-reopens-in-idanha-a-nova\/"]}]},{"@type":"ImageObject","inLanguage":"en-US","@id":"https:\/\/mc.sonae.pt\/en\/news\/meu-super-reopens-in-idanha-a-nova\/#primaryimage","url":"https:\/\/mc.sonae.pt\/wp-content\/uploads\/2020\/10\/meu_super.jpg","contentUrl":"https:\/\/mc.sonae.pt\/wp-content\/uploads\/2020\/10\/meu_super.jpg","width":651,"height":256},{"@type":"BreadcrumbList","@id":"https:\/\/mc.sonae.pt\/en\/news\/meu-super-reopens-in-idanha-a-nova\/#breadcrumb","itemListElement":[{"@type":"ListItem","position":1,"name":"In\u00edcio","item":"https:\/\/mc.sonae.pt\/en\/"},{"@type":"ListItem","position":2,"name":"Meu Super reopens in Idanha-a-nova"}]},{"@type":"WebSite","@id":"https:\/\/mc.sonae.pt\/#website","url":"https:\/\/mc.sonae.pt\/","name":"SonaeMC","description":"L\u00edder do retalho alimentar em Portugal","publisher":{"@id":"https:\/\/mc.sonae.pt\/#organization"},"potentialAction":[{"@type":"SearchAction","target":{"@type":"EntryPoint","urlTemplate":"https:\/\/mc.sonae.pt\/?s={search_term_string}"},"query-input":{"@type":"PropertyValueSpecification","valueRequired":true,"valueName":"search_term_string"}}],"inLanguage":"en-US"},{"@type":"Organization","@id":"https:\/\/mc.sonae.pt\/#organization","name":"Sonae MC","url":"https:\/\/mc.sonae.pt\/","logo":{"@type":"ImageObject","inLanguage":"en-US","@id":"https:\/\/mc.sonae.pt\/#\/schema\/logo\/image\/","url":"https:\/\/mc.sonae.pt\/wp-content\/uploads\/2018\/10\/logo.svg","contentUrl":"https:\/\/mc.sonae.pt\/wp-content\/uploads\/2018\/10\/logo.svg","width":1,"height":1,"caption":"Sonae MC"},"image":{"@id":"https:\/\/mc.sonae.pt\/#\/schema\/logo\/image\/"}},{"@type":"Person","@id":"https:\/\/mc.sonae.pt\/#\/schema\/person\/ce4b7c7b618c898c290139f9a6d495fa","name":"Orlando Ferreira da Silva J\u00fanior","image":{"@type":"ImageObject","inLanguage":"en-US","@id":"https:\/\/secure.gravatar.com\/avatar\/a4ab9bdde3e528b85b6747d809b5135da9dd2eb8dcfb39c3841be76fa3a7cec6?s=96&d=mm&r=g","url":"https:\/\/secure.gravatar.com\/avatar\/a4ab9bdde3e528b85b6747d809b5135da9dd2eb8dcfb39c3841be76fa3a7cec6?s=96&d=mm&r=g","contentUrl":"https:\/\/secure.gravatar.com\/avatar\/a4ab9bdde3e528b85b6747d809b5135da9dd2eb8dcfb39c3841be76fa3a7cec6?s=96&d=mm&r=g","caption":"Orlando Ferreira da Silva J\u00fanior"}}]}},"_links":{"self":[{"href":"https:\/\/mc.sonae.pt\/en\/wp-json\/wp\/v2\/posts\/8118","targetHints":{"allow":["GET"]}}],"collection":[{"href":"https:\/\/mc.sonae.pt\/en\/wp-json\/wp\/v2\/posts"}],"about":[{"href":"https:\/\/mc.sonae.pt\/en\/wp-json\/wp\/v2\/types\/post"}],"author":[{"embeddable":true,"href":"https:\/\/mc.sonae.pt\/en\/wp-json\/wp\/v2\/users\/15"}],"replies":[{"embeddable":true,"href":"https:\/\/mc.sonae.pt\/en\/wp-json\/wp\/v2\/comments?post=8118"}],"version-history":[{"count":0,"href":"https:\/\/mc.sonae.pt\/en\/wp-json\/wp\/v2\/posts\/8118\/revisions"}],"wp:featuredmedia":[{"embeddable":true,"href":"https:\/\/mc.sonae.pt\/en\/wp-json\/wp\/v2\/media\/7898"}],"wp:attachment":[{"href":"https:\/\/mc.sonae.pt\/en\/wp-json\/wp\/v2\/media?parent=8118"}],"wp:term":[{"taxonomy":"category","embeddable":true,"href":"https:\/\/mc.sonae.pt\/en\/wp-json\/wp\/v2\/categories?post=8118"},{"taxonomy":"post_tag","embeddable":true,"href":"https:\/\/mc.sonae.pt\/en\/wp-json\/wp\/v2\/tags?post=8118"}],"curies":[{"name":"wp","href":"https:\/\/api.w.org\/{rel}","templated":true}]}}