{"id":16323,"date":"2024-02-08T17:36:06","date_gmt":"2024-02-08T17:36:06","guid":{"rendered":"https:\/\/mc.sonae.pt\/?p=16323"},"modified":"2024-02-16T17:37:42","modified_gmt":"2024-02-16T17:37:42","slug":"first-continente-store-in-delaes-brings-variety-to-the-region","status":"publish","type":"post","link":"https:\/\/mc.sonae.pt\/en\/mc-sonae\/first-continente-store-in-delaes-brings-variety-to-the-region\/","title":{"rendered":"FIRST CONTINENTE STORE IN DEL\u00c3ES BRINGS VARIETY TO THE REGION"},"content":{"rendered":"Del\u00e3es, in Vila Nova de Famalic\u00e3o, welcomes, as of today, the first Continente store featuring around 1000 m2 of sales area and 119 parking spaces, with 4 charging stations for electric vehicles. Located on Avenida das Lameiras, Continente Bom Dia Del\u00e3es has around 28 employees and operates daily from 8:00 am to 9:00 pm, following MC\u2019s proximity stores\u2019 expansion policies in urban locations and neighbourhoods. This opening reinforces the brand\u2019s commitment to the Braga district, which now has 19 stores.\r\n\r\n<strong><em>Continente Bom Dia Del\u00e3es images <\/em><\/strong><em>link<\/em>\r\n\r\nThe opening of the space is marked with a 10% discount on Continente Card campaign, throughout the store, between the 8<sup>th<\/sup> and 11<sup>th<\/sup> of February, which accumulates with current promotions.\r\n\r\n\u201c<em>With the opening of this new Continente store we want to be even closer to our customers, with quality products at affordable prices, reinforcing our connection with this region and with the people of Famalic\u00e3o. For over 38 years, Continente has placed its customers at the centre of its operations, providing them with the best value proposition and brand experience,<\/em>\u201d explains Store Director, T\u00e2nia Silva Guedes, who has been with MC for 10 years.\r\n\r\nOn the environmental front, the photovoltaic solar panels on the roof and in the car park stand out, which represent around 45% of the store\u2019s total consumption, guaranteeing its self-sufficiency for a period of more than 8 hours on a day with good solar radiation. The store also features 100% LED low consumption light bulbs for lighting, and equipment to control and reduce excessive water consumption.\r\n\r\nTo highlight its arrival in the region, Miss\u00e3o Continente gifted shopping carts filled with essential goods to the institutions sponsored by the new store: Castel\u00f5es\u2019 Social Centre, S. Pedro do Bairro\u2019s Social and Cultural Centre and Santo Tirso\u2019s Friends of Animals Association. Miss\u00e3o Continente will permanently support these institutions, through daily food surpluses from the new Continente Bom Dia Del\u00e3es store.\r\n\r\nAt Continente Bom Dia Del\u00e3es, consumers can also use reusable bags when purchasing fruit, vegetables or bakery products, as well as reusable boxes for delicatessen and take-away products.\r\n\r\nContinente is committed to bringing value and variety to the region. The store also features fresh, seasonal national products, from fruits and vegetables, to bakery, butcher and fishmonger services.\r\n\r\n&nbsp;\r\n\r\n<strong>Continente Bom Dia Del\u00e3es Store<\/strong>\r\n\r\n<strong>Address:<\/strong> Avenida das Lameiras, n\u00ba 503, 4765 Del\u00e3es, Famalic\u00e3o.\r\n\r\n<strong>Opening hours:<\/strong> Monday to Sunday, from 8:00 am to 9:00 pm\r\n\r\n&nbsp;\r\n\r\n&nbsp;\r\n\r\n&nbsp;","protected":false},"excerpt":{"rendered":"Del\u00e3es, in Vila Nova de Famalic\u00e3o, welcomes, as of today, the first Continente store featuring around 1000 m2 of sales [&hellip;]","protected":false},"author":19,"featured_media":16318,"comment_status":"closed","ping_status":"closed","sticky":false,"template":"","format":"standard","meta":{"footnotes":""},"categories":[158,240,175,192,155],"tags":[],"class_list":["post-16323","post","type-post","status-publish","format-standard","has-post-thumbnail","hentry","category-continente-en","category-mc-sonae","category-news","category-openning","category-sonae-mc-en"],"yoast_head":"<!-- This site is optimized with the Yoast SEO plugin v27.3 - https:\/\/yoast.com\/product\/yoast-seo-wordpress\/ -->\n<title>FIRST CONTINENTE STORE IN DEL\u00c3ES BRINGS VARIETY TO THE REGION - MC<\/title>\n<meta name=\"robots\" content=\"index, follow, max-snippet:-1, max-image-preview:large, max-video-preview:-1\" \/>\n<link rel=\"canonical\" href=\"https:\/\/mc.sonae.pt\/en\/mc-sonae\/first-continente-store-in-delaes-brings-variety-to-the-region\/\" \/>\n<meta property=\"og:locale\" content=\"en_US\" \/>\n<meta property=\"og:type\" content=\"article\" \/>\n<meta property=\"og:title\" content=\"FIRST CONTINENTE STORE IN DEL\u00c3ES BRINGS VARIETY TO THE REGION - MC\" \/>\n<meta property=\"og:description\" content=\"Del\u00e3es, in Vila Nova de Famalic\u00e3o, welcomes, as of today, the first Continente store featuring around 1000 m2 of sales [&hellip;]\" \/>\n<meta property=\"og:url\" content=\"https:\/\/mc.sonae.pt\/en\/mc-sonae\/first-continente-store-in-delaes-brings-variety-to-the-region\/\" \/>\n<meta property=\"og:site_name\" content=\"MC\" \/>\n<meta property=\"article:published_time\" content=\"2024-02-08T17:36:06+00:00\" \/>\n<meta property=\"article:modified_time\" content=\"2024-02-16T17:37:42+00:00\" \/>\n<meta property=\"og:image\" content=\"https:\/\/mc.sonae.pt\/wp-content\/uploads\/2024\/02\/Continente-Delaes-scaled.jpg\" \/>\n\t<meta property=\"og:image:width\" content=\"2560\" \/>\n\t<meta property=\"og:image:height\" content=\"1707\" \/>\n\t<meta property=\"og:image:type\" content=\"image\/jpeg\" \/>\n<meta name=\"author\" content=\"Rita Figueiredo\" \/>\n<meta name=\"twitter:card\" content=\"summary_large_image\" \/>\n<meta name=\"twitter:label1\" content=\"Written by\" \/>\n\t<meta name=\"twitter:data1\" content=\"Rita Figueiredo\" \/>\n\t<meta name=\"twitter:label2\" content=\"Est. reading time\" \/>\n\t<meta name=\"twitter:data2\" content=\"3 minutes\" \/>\n<script type=\"application\/ld+json\" class=\"yoast-schema-graph\">{\"@context\":\"https:\\\/\\\/schema.org\",\"@graph\":[{\"@type\":\"Article\",\"@id\":\"https:\\\/\\\/mc.sonae.pt\\\/en\\\/mc-sonae\\\/first-continente-store-in-delaes-brings-variety-to-the-region\\\/#article\",\"isPartOf\":{\"@id\":\"https:\\\/\\\/mc.sonae.pt\\\/en\\\/mc-sonae\\\/first-continente-store-in-delaes-brings-variety-to-the-region\\\/\"},\"author\":{\"name\":\"Rita Figueiredo\",\"@id\":\"https:\\\/\\\/mc.sonae.pt\\\/#\\\/schema\\\/person\\\/42e8f51729ceffc681182614a8c86242\"},\"headline\":\"FIRST CONTINENTE STORE IN DEL\u00c3ES BRINGS VARIETY TO THE REGION\",\"datePublished\":\"2024-02-08T17:36:06+00:00\",\"dateModified\":\"2024-02-16T17:37:42+00:00\",\"mainEntityOfPage\":{\"@id\":\"https:\\\/\\\/mc.sonae.pt\\\/en\\\/mc-sonae\\\/first-continente-store-in-delaes-brings-variety-to-the-region\\\/\"},\"wordCount\":416,\"publisher\":{\"@id\":\"https:\\\/\\\/mc.sonae.pt\\\/#organization\"},\"image\":{\"@id\":\"https:\\\/\\\/mc.sonae.pt\\\/en\\\/mc-sonae\\\/first-continente-store-in-delaes-brings-variety-to-the-region\\\/#primaryimage\"},\"thumbnailUrl\":\"https:\\\/\\\/mc.sonae.pt\\\/wp-content\\\/uploads\\\/2024\\\/02\\\/Continente-Delaes-scaled.jpg\",\"articleSection\":[\"Continente\",\"MC Sonae\",\"News\",\"Openning\",\"Sonae MC\"],\"inLanguage\":\"en-US\"},{\"@type\":\"WebPage\",\"@id\":\"https:\\\/\\\/mc.sonae.pt\\\/en\\\/mc-sonae\\\/first-continente-store-in-delaes-brings-variety-to-the-region\\\/\",\"url\":\"https:\\\/\\\/mc.sonae.pt\\\/en\\\/mc-sonae\\\/first-continente-store-in-delaes-brings-variety-to-the-region\\\/\",\"name\":\"FIRST CONTINENTE STORE IN DEL\u00c3ES BRINGS VARIETY TO THE REGION - MC\",\"isPartOf\":{\"@id\":\"https:\\\/\\\/mc.sonae.pt\\\/#website\"},\"primaryImageOfPage\":{\"@id\":\"https:\\\/\\\/mc.sonae.pt\\\/en\\\/mc-sonae\\\/first-continente-store-in-delaes-brings-variety-to-the-region\\\/#primaryimage\"},\"image\":{\"@id\":\"https:\\\/\\\/mc.sonae.pt\\\/en\\\/mc-sonae\\\/first-continente-store-in-delaes-brings-variety-to-the-region\\\/#primaryimage\"},\"thumbnailUrl\":\"https:\\\/\\\/mc.sonae.pt\\\/wp-content\\\/uploads\\\/2024\\\/02\\\/Continente-Delaes-scaled.jpg\",\"datePublished\":\"2024-02-08T17:36:06+00:00\",\"dateModified\":\"2024-02-16T17:37:42+00:00\",\"breadcrumb\":{\"@id\":\"https:\\\/\\\/mc.sonae.pt\\\/en\\\/mc-sonae\\\/first-continente-store-in-delaes-brings-variety-to-the-region\\\/#breadcrumb\"},\"inLanguage\":\"en-US\",\"potentialAction\":[{\"@type\":\"ReadAction\",\"target\":[\"https:\\\/\\\/mc.sonae.pt\\\/en\\\/mc-sonae\\\/first-continente-store-in-delaes-brings-variety-to-the-region\\\/\"]}]},{\"@type\":\"ImageObject\",\"inLanguage\":\"en-US\",\"@id\":\"https:\\\/\\\/mc.sonae.pt\\\/en\\\/mc-sonae\\\/first-continente-store-in-delaes-brings-variety-to-the-region\\\/#primaryimage\",\"url\":\"https:\\\/\\\/mc.sonae.pt\\\/wp-content\\\/uploads\\\/2024\\\/02\\\/Continente-Delaes-scaled.jpg\",\"contentUrl\":\"https:\\\/\\\/mc.sonae.pt\\\/wp-content\\\/uploads\\\/2024\\\/02\\\/Continente-Delaes-scaled.jpg\",\"width\":2560,\"height\":1707},{\"@type\":\"BreadcrumbList\",\"@id\":\"https:\\\/\\\/mc.sonae.pt\\\/en\\\/mc-sonae\\\/first-continente-store-in-delaes-brings-variety-to-the-region\\\/#breadcrumb\",\"itemListElement\":[{\"@type\":\"ListItem\",\"position\":1,\"name\":\"In\u00edcio\",\"item\":\"https:\\\/\\\/mc.sonae.pt\\\/en\\\/\"},{\"@type\":\"ListItem\",\"position\":2,\"name\":\"FIRST CONTINENTE STORE IN DEL\u00c3ES BRINGS VARIETY TO THE REGION\"}]},{\"@type\":\"WebSite\",\"@id\":\"https:\\\/\\\/mc.sonae.pt\\\/#website\",\"url\":\"https:\\\/\\\/mc.sonae.pt\\\/\",\"name\":\"SonaeMC\",\"description\":\"L\u00edder do retalho alimentar em Portugal\",\"publisher\":{\"@id\":\"https:\\\/\\\/mc.sonae.pt\\\/#organization\"},\"potentialAction\":[{\"@type\":\"SearchAction\",\"target\":{\"@type\":\"EntryPoint\",\"urlTemplate\":\"https:\\\/\\\/mc.sonae.pt\\\/?s={search_term_string}\"},\"query-input\":{\"@type\":\"PropertyValueSpecification\",\"valueRequired\":true,\"valueName\":\"search_term_string\"}}],\"inLanguage\":\"en-US\"},{\"@type\":\"Organization\",\"@id\":\"https:\\\/\\\/mc.sonae.pt\\\/#organization\",\"name\":\"Sonae MC\",\"url\":\"https:\\\/\\\/mc.sonae.pt\\\/\",\"logo\":{\"@type\":\"ImageObject\",\"inLanguage\":\"en-US\",\"@id\":\"https:\\\/\\\/mc.sonae.pt\\\/#\\\/schema\\\/logo\\\/image\\\/\",\"url\":\"https:\\\/\\\/mc.sonae.pt\\\/wp-content\\\/uploads\\\/2018\\\/10\\\/logo.svg\",\"contentUrl\":\"https:\\\/\\\/mc.sonae.pt\\\/wp-content\\\/uploads\\\/2018\\\/10\\\/logo.svg\",\"width\":1,\"height\":1,\"caption\":\"Sonae MC\"},\"image\":{\"@id\":\"https:\\\/\\\/mc.sonae.pt\\\/#\\\/schema\\\/logo\\\/image\\\/\"}},{\"@type\":\"Person\",\"@id\":\"https:\\\/\\\/mc.sonae.pt\\\/#\\\/schema\\\/person\\\/42e8f51729ceffc681182614a8c86242\",\"name\":\"Rita Figueiredo\",\"image\":{\"@type\":\"ImageObject\",\"inLanguage\":\"en-US\",\"@id\":\"https:\\\/\\\/secure.gravatar.com\\\/avatar\\\/5b2a27be159e6b362b1a34b54ae8279087dff073c500169bb71248dc2f417366?s=96&d=mm&r=g\",\"url\":\"https:\\\/\\\/secure.gravatar.com\\\/avatar\\\/5b2a27be159e6b362b1a34b54ae8279087dff073c500169bb71248dc2f417366?s=96&d=mm&r=g\",\"contentUrl\":\"https:\\\/\\\/secure.gravatar.com\\\/avatar\\\/5b2a27be159e6b362b1a34b54ae8279087dff073c500169bb71248dc2f417366?s=96&d=mm&r=g\",\"caption\":\"Rita Figueiredo\"}}]}<\/script>\n<!-- \/ Yoast SEO plugin. -->","yoast_head_json":{"title":"FIRST CONTINENTE STORE IN DEL\u00c3ES BRINGS VARIETY TO THE REGION - MC","robots":{"index":"index","follow":"follow","max-snippet":"max-snippet:-1","max-image-preview":"max-image-preview:large","max-video-preview":"max-video-preview:-1"},"canonical":"https:\/\/mc.sonae.pt\/en\/mc-sonae\/first-continente-store-in-delaes-brings-variety-to-the-region\/","og_locale":"en_US","og_type":"article","og_title":"FIRST CONTINENTE STORE IN DEL\u00c3ES BRINGS VARIETY TO THE REGION - MC","og_description":"Del\u00e3es, in Vila Nova de Famalic\u00e3o, welcomes, as of today, the first Continente store featuring around 1000 m2 of sales [&hellip;]","og_url":"https:\/\/mc.sonae.pt\/en\/mc-sonae\/first-continente-store-in-delaes-brings-variety-to-the-region\/","og_site_name":"MC","article_published_time":"2024-02-08T17:36:06+00:00","article_modified_time":"2024-02-16T17:37:42+00:00","og_image":[{"width":2560,"height":1707,"url":"https:\/\/mc.sonae.pt\/wp-content\/uploads\/2024\/02\/Continente-Delaes-scaled.jpg","type":"image\/jpeg"}],"author":"Rita Figueiredo","twitter_card":"summary_large_image","twitter_misc":{"Written by":"Rita Figueiredo","Est. reading time":"3 minutes"},"schema":{"@context":"https:\/\/schema.org","@graph":[{"@type":"Article","@id":"https:\/\/mc.sonae.pt\/en\/mc-sonae\/first-continente-store-in-delaes-brings-variety-to-the-region\/#article","isPartOf":{"@id":"https:\/\/mc.sonae.pt\/en\/mc-sonae\/first-continente-store-in-delaes-brings-variety-to-the-region\/"},"author":{"name":"Rita Figueiredo","@id":"https:\/\/mc.sonae.pt\/#\/schema\/person\/42e8f51729ceffc681182614a8c86242"},"headline":"FIRST CONTINENTE STORE IN DEL\u00c3ES BRINGS VARIETY TO THE REGION","datePublished":"2024-02-08T17:36:06+00:00","dateModified":"2024-02-16T17:37:42+00:00","mainEntityOfPage":{"@id":"https:\/\/mc.sonae.pt\/en\/mc-sonae\/first-continente-store-in-delaes-brings-variety-to-the-region\/"},"wordCount":416,"publisher":{"@id":"https:\/\/mc.sonae.pt\/#organization"},"image":{"@id":"https:\/\/mc.sonae.pt\/en\/mc-sonae\/first-continente-store-in-delaes-brings-variety-to-the-region\/#primaryimage"},"thumbnailUrl":"https:\/\/mc.sonae.pt\/wp-content\/uploads\/2024\/02\/Continente-Delaes-scaled.jpg","articleSection":["Continente","MC Sonae","News","Openning","Sonae MC"],"inLanguage":"en-US"},{"@type":"WebPage","@id":"https:\/\/mc.sonae.pt\/en\/mc-sonae\/first-continente-store-in-delaes-brings-variety-to-the-region\/","url":"https:\/\/mc.sonae.pt\/en\/mc-sonae\/first-continente-store-in-delaes-brings-variety-to-the-region\/","name":"FIRST CONTINENTE STORE IN DEL\u00c3ES BRINGS VARIETY TO THE REGION - MC","isPartOf":{"@id":"https:\/\/mc.sonae.pt\/#website"},"primaryImageOfPage":{"@id":"https:\/\/mc.sonae.pt\/en\/mc-sonae\/first-continente-store-in-delaes-brings-variety-to-the-region\/#primaryimage"},"image":{"@id":"https:\/\/mc.sonae.pt\/en\/mc-sonae\/first-continente-store-in-delaes-brings-variety-to-the-region\/#primaryimage"},"thumbnailUrl":"https:\/\/mc.sonae.pt\/wp-content\/uploads\/2024\/02\/Continente-Delaes-scaled.jpg","datePublished":"2024-02-08T17:36:06+00:00","dateModified":"2024-02-16T17:37:42+00:00","breadcrumb":{"@id":"https:\/\/mc.sonae.pt\/en\/mc-sonae\/first-continente-store-in-delaes-brings-variety-to-the-region\/#breadcrumb"},"inLanguage":"en-US","potentialAction":[{"@type":"ReadAction","target":["https:\/\/mc.sonae.pt\/en\/mc-sonae\/first-continente-store-in-delaes-brings-variety-to-the-region\/"]}]},{"@type":"ImageObject","inLanguage":"en-US","@id":"https:\/\/mc.sonae.pt\/en\/mc-sonae\/first-continente-store-in-delaes-brings-variety-to-the-region\/#primaryimage","url":"https:\/\/mc.sonae.pt\/wp-content\/uploads\/2024\/02\/Continente-Delaes-scaled.jpg","contentUrl":"https:\/\/mc.sonae.pt\/wp-content\/uploads\/2024\/02\/Continente-Delaes-scaled.jpg","width":2560,"height":1707},{"@type":"BreadcrumbList","@id":"https:\/\/mc.sonae.pt\/en\/mc-sonae\/first-continente-store-in-delaes-brings-variety-to-the-region\/#breadcrumb","itemListElement":[{"@type":"ListItem","position":1,"name":"In\u00edcio","item":"https:\/\/mc.sonae.pt\/en\/"},{"@type":"ListItem","position":2,"name":"FIRST CONTINENTE STORE IN DEL\u00c3ES BRINGS VARIETY TO THE REGION"}]},{"@type":"WebSite","@id":"https:\/\/mc.sonae.pt\/#website","url":"https:\/\/mc.sonae.pt\/","name":"SonaeMC","description":"L\u00edder do retalho alimentar em Portugal","publisher":{"@id":"https:\/\/mc.sonae.pt\/#organization"},"potentialAction":[{"@type":"SearchAction","target":{"@type":"EntryPoint","urlTemplate":"https:\/\/mc.sonae.pt\/?s={search_term_string}"},"query-input":{"@type":"PropertyValueSpecification","valueRequired":true,"valueName":"search_term_string"}}],"inLanguage":"en-US"},{"@type":"Organization","@id":"https:\/\/mc.sonae.pt\/#organization","name":"Sonae MC","url":"https:\/\/mc.sonae.pt\/","logo":{"@type":"ImageObject","inLanguage":"en-US","@id":"https:\/\/mc.sonae.pt\/#\/schema\/logo\/image\/","url":"https:\/\/mc.sonae.pt\/wp-content\/uploads\/2018\/10\/logo.svg","contentUrl":"https:\/\/mc.sonae.pt\/wp-content\/uploads\/2018\/10\/logo.svg","width":1,"height":1,"caption":"Sonae MC"},"image":{"@id":"https:\/\/mc.sonae.pt\/#\/schema\/logo\/image\/"}},{"@type":"Person","@id":"https:\/\/mc.sonae.pt\/#\/schema\/person\/42e8f51729ceffc681182614a8c86242","name":"Rita Figueiredo","image":{"@type":"ImageObject","inLanguage":"en-US","@id":"https:\/\/secure.gravatar.com\/avatar\/5b2a27be159e6b362b1a34b54ae8279087dff073c500169bb71248dc2f417366?s=96&d=mm&r=g","url":"https:\/\/secure.gravatar.com\/avatar\/5b2a27be159e6b362b1a34b54ae8279087dff073c500169bb71248dc2f417366?s=96&d=mm&r=g","contentUrl":"https:\/\/secure.gravatar.com\/avatar\/5b2a27be159e6b362b1a34b54ae8279087dff073c500169bb71248dc2f417366?s=96&d=mm&r=g","caption":"Rita Figueiredo"}}]}},"_links":{"self":[{"href":"https:\/\/mc.sonae.pt\/en\/wp-json\/wp\/v2\/posts\/16323","targetHints":{"allow":["GET"]}}],"collection":[{"href":"https:\/\/mc.sonae.pt\/en\/wp-json\/wp\/v2\/posts"}],"about":[{"href":"https:\/\/mc.sonae.pt\/en\/wp-json\/wp\/v2\/types\/post"}],"author":[{"embeddable":true,"href":"https:\/\/mc.sonae.pt\/en\/wp-json\/wp\/v2\/users\/19"}],"replies":[{"embeddable":true,"href":"https:\/\/mc.sonae.pt\/en\/wp-json\/wp\/v2\/comments?post=16323"}],"version-history":[{"count":0,"href":"https:\/\/mc.sonae.pt\/en\/wp-json\/wp\/v2\/posts\/16323\/revisions"}],"wp:featuredmedia":[{"embeddable":true,"href":"https:\/\/mc.sonae.pt\/en\/wp-json\/wp\/v2\/media\/16318"}],"wp:attachment":[{"href":"https:\/\/mc.sonae.pt\/en\/wp-json\/wp\/v2\/media?parent=16323"}],"wp:term":[{"taxonomy":"category","embeddable":true,"href":"https:\/\/mc.sonae.pt\/en\/wp-json\/wp\/v2\/categories?post=16323"},{"taxonomy":"post_tag","embeddable":true,"href":"https:\/\/mc.sonae.pt\/en\/wp-json\/wp\/v2\/tags?post=16323"}],"curies":[{"name":"wp","href":"https:\/\/api.w.org\/{rel}","templated":true}]}}