{"id":13706,"date":"2023-01-03T12:09:24","date_gmt":"2023-01-03T12:09:24","guid":{"rendered":"https:\/\/mc.sonae.pt\/?p=13706"},"modified":"2023-01-04T12:53:16","modified_gmt":"2023-01-04T12:53:16","slug":"wells-celebrates-all-2023-births-along-with-families","status":"publish","type":"post","link":"https:\/\/mc.sonae.pt\/en\/news\/wells-celebrates-all-2023-births-along-with-families\/","title":{"rendered":"WELLS CELEBRATES ALL 2023 BIRTHS ALONG WITH FAMILIES"},"content":{"rendered":"<strong>Since 2018, Wells has celebrated more than 200,000 births by gifting the Baby Wells Kit and this year renews the offer, reminding all parents and future parents that they are not alone.<\/strong>\r\n\r\nOver the past five years, Wells has welcomed every family new to parenthood and celebrated every birth with the Baby Wells Kit offering. Since 2018, the brand has already delivered more than <strong>200,000 Baby Wells Kits<\/strong>, which <strong>represent more than 50% of the babies born in Portugal<\/strong>, and, in 2023, it will renew this initiative.\r\n\r\nFor <strong>Marta Castro, Health Wellness &amp; Beauty Marketing Director at MC Sonae<\/strong>, \u201c<em>this is an initiative in which we are very proud and which has allowed Wells to be at the side of families, in such a special moment as the arrival of a baby. Year after year, the participation of families is increasing, this year alone we delivered more than 45,000 Baby Wells Kits and we want to reach even more families. In addition to gifting the Kit, as a specialist brand, we also want to accompany parents and babies at each growth stage, by providing useful and credible information, in a light and uncomplicated way, as we did this year with the #BemVindoaoClube podcast.<\/em> \u201d\r\n\r\nThe <strong>Baby Wells Kit<\/strong> consists of five hygiene and baby care products, the \u2018Necas doudou\u2019 and even a little treat for the mother, and can be ordered, after the baby is born, by registering at futuro.wells.pt.\r\n\r\nThe <strong>#BemVindoaoClube<\/strong> podcast was developed in partnership with Nurse Carmen, specialist in Maternal Health and Obstetrics, who, in 24 episodes, clarifies and demystifies all topics related to the various pregnancy trimesters, the baby\u2019s arrival and life after childbirth. Depending on the topics being addressed, it also features the participation of specialists from different areas such as \u2013 gynaecology and obstetrics, pelvic physiotherapy, child psychology and paediatrics \u2013 and well-known parents such as Filipa Galr\u00e3o, Jo\u00e3o Montez, Mia Rel\u00f3gio, who share their experiences.\r\n\r\nAll episodes are available on Spotify and on the brand\u2019s YouTube channel and it is possible to follow all the news on Baby Wells\u2019 social networks: @babywells_oficial (Instagram) and @babywellsoficial (Facebook).\r\n\r\nIn 2023, Wells intends to continue all these initiatives, being even closer to all families and supporting parents in such a special and challenging moment as parenting is.\r\n\r\n<strong>Baby Wells, alongside the Portuguese from the very beginning<\/strong>\r\n\r\nBaby Wells, Wells\u2019 exclusive baby products brand, accompanies the baby\u2019s different development stages with a wide range of hygiene, childcare and infant nutrition products. In 2018, the brand launched the Baby Wells Kit, a gift to all families celebrating the arrival of a baby.\r\n\r\nBaby Wells reflects increased care and dedication to ensure that the products meet and accompany the specific needs of each of the baby\u2019s stage, from the day they are born. The most recent launch of <strong>Eco&amp;Pure Baby Wells Diapers<\/strong>, specially developed for the baby\u2019s sensitive skin and formulated <strong>without the use of chlorine, perfume, natural latex or lotions<\/strong>, reinforces our concern and respect for the environment. Currently, Baby Wells has more than 100 products across the brand.","protected":false},"excerpt":{"rendered":"Since 2018, Wells has celebrated more than 200,000 births by gifting the Baby Wells Kit and this year renews the [&hellip;]","protected":false},"author":19,"featured_media":13698,"comment_status":"closed","ping_status":"closed","sticky":false,"template":"","format":"standard","meta":{"footnotes":""},"categories":[175,245],"tags":[],"class_list":["post-13706","post","type-post","status-publish","format-standard","has-post-thumbnail","hentry","category-news","category-wells-2"],"yoast_head":"<!-- This site is optimized with the Yoast SEO plugin v28.2 - https:\/\/yoast.com\/product\/yoast-seo-wordpress\/ -->\n<title>WELLS CELEBRATES ALL 2023 BIRTHS ALONG WITH FAMILIES - MC<\/title>\n<meta name=\"robots\" content=\"index, follow, max-snippet:-1, max-image-preview:large, max-video-preview:-1\" \/>\n<link rel=\"canonical\" href=\"https:\/\/mc.sonae.pt\/en\/news\/wells-celebrates-all-2023-births-along-with-families\/\" \/>\n<meta property=\"og:locale\" content=\"en_US\" \/>\n<meta property=\"og:type\" content=\"article\" \/>\n<meta property=\"og:title\" content=\"WELLS CELEBRATES ALL 2023 BIRTHS ALONG WITH FAMILIES - MC\" \/>\n<meta property=\"og:description\" content=\"Since 2018, Wells has celebrated more than 200,000 births by gifting the Baby Wells Kit and this year renews the [&hellip;]\" \/>\n<meta property=\"og:url\" content=\"https:\/\/mc.sonae.pt\/en\/news\/wells-celebrates-all-2023-births-along-with-families\/\" \/>\n<meta property=\"og:site_name\" content=\"MC\" \/>\n<meta property=\"article:published_time\" content=\"2023-01-03T12:09:24+00:00\" \/>\n<meta property=\"article:modified_time\" content=\"2023-01-04T12:53:16+00:00\" \/>\n<meta property=\"og:image\" content=\"https:\/\/mc.sonae.pt\/wp-content\/uploads\/2023\/01\/WELLS_NATALIDADE.png\" \/>\n\t<meta property=\"og:image:width\" content=\"1921\" \/>\n\t<meta property=\"og:image:height\" content=\"1081\" \/>\n\t<meta property=\"og:image:type\" content=\"image\/png\" \/>\n<meta name=\"author\" content=\"Rita Figueiredo\" \/>\n<meta name=\"twitter:card\" content=\"summary_large_image\" \/>\n<meta name=\"twitter:label1\" content=\"Written by\" \/>\n\t<meta name=\"twitter:data1\" content=\"Rita Figueiredo\" \/>\n\t<meta name=\"twitter:label2\" content=\"Est. reading time\" \/>\n\t<meta name=\"twitter:data2\" content=\"3 minutes\" \/>\n<script type=\"application\/ld+json\" class=\"yoast-schema-graph\">{\"@context\":\"https:\\\/\\\/schema.org\",\"@graph\":[{\"@type\":\"Article\",\"@id\":\"https:\\\/\\\/mc.sonae.pt\\\/en\\\/news\\\/wells-celebrates-all-2023-births-along-with-families\\\/#article\",\"isPartOf\":{\"@id\":\"https:\\\/\\\/mc.sonae.pt\\\/en\\\/news\\\/wells-celebrates-all-2023-births-along-with-families\\\/\"},\"author\":{\"name\":\"Rita Figueiredo\",\"@id\":\"https:\\\/\\\/mc.sonae.pt\\\/#\\\/schema\\\/person\\\/42e8f51729ceffc681182614a8c86242\"},\"headline\":\"WELLS CELEBRATES ALL 2023 BIRTHS ALONG WITH FAMILIES\",\"datePublished\":\"2023-01-03T12:09:24+00:00\",\"dateModified\":\"2023-01-04T12:53:16+00:00\",\"mainEntityOfPage\":{\"@id\":\"https:\\\/\\\/mc.sonae.pt\\\/en\\\/news\\\/wells-celebrates-all-2023-births-along-with-families\\\/\"},\"wordCount\":517,\"publisher\":{\"@id\":\"https:\\\/\\\/mc.sonae.pt\\\/#organization\"},\"image\":{\"@id\":\"https:\\\/\\\/mc.sonae.pt\\\/en\\\/news\\\/wells-celebrates-all-2023-births-along-with-families\\\/#primaryimage\"},\"thumbnailUrl\":\"https:\\\/\\\/mc.sonae.pt\\\/wp-content\\\/uploads\\\/2023\\\/01\\\/WELLS_NATALIDADE.png\",\"articleSection\":[\"News\",\"Well's\"],\"inLanguage\":\"en-US\"},{\"@type\":\"WebPage\",\"@id\":\"https:\\\/\\\/mc.sonae.pt\\\/en\\\/news\\\/wells-celebrates-all-2023-births-along-with-families\\\/\",\"url\":\"https:\\\/\\\/mc.sonae.pt\\\/en\\\/news\\\/wells-celebrates-all-2023-births-along-with-families\\\/\",\"name\":\"WELLS CELEBRATES ALL 2023 BIRTHS ALONG WITH FAMILIES - MC\",\"isPartOf\":{\"@id\":\"https:\\\/\\\/mc.sonae.pt\\\/#website\"},\"primaryImageOfPage\":{\"@id\":\"https:\\\/\\\/mc.sonae.pt\\\/en\\\/news\\\/wells-celebrates-all-2023-births-along-with-families\\\/#primaryimage\"},\"image\":{\"@id\":\"https:\\\/\\\/mc.sonae.pt\\\/en\\\/news\\\/wells-celebrates-all-2023-births-along-with-families\\\/#primaryimage\"},\"thumbnailUrl\":\"https:\\\/\\\/mc.sonae.pt\\\/wp-content\\\/uploads\\\/2023\\\/01\\\/WELLS_NATALIDADE.png\",\"datePublished\":\"2023-01-03T12:09:24+00:00\",\"dateModified\":\"2023-01-04T12:53:16+00:00\",\"breadcrumb\":{\"@id\":\"https:\\\/\\\/mc.sonae.pt\\\/en\\\/news\\\/wells-celebrates-all-2023-births-along-with-families\\\/#breadcrumb\"},\"inLanguage\":\"en-US\",\"potentialAction\":[{\"@type\":\"ReadAction\",\"target\":[\"https:\\\/\\\/mc.sonae.pt\\\/en\\\/news\\\/wells-celebrates-all-2023-births-along-with-families\\\/\"]}]},{\"@type\":\"ImageObject\",\"inLanguage\":\"en-US\",\"@id\":\"https:\\\/\\\/mc.sonae.pt\\\/en\\\/news\\\/wells-celebrates-all-2023-births-along-with-families\\\/#primaryimage\",\"url\":\"https:\\\/\\\/mc.sonae.pt\\\/wp-content\\\/uploads\\\/2023\\\/01\\\/WELLS_NATALIDADE.png\",\"contentUrl\":\"https:\\\/\\\/mc.sonae.pt\\\/wp-content\\\/uploads\\\/2023\\\/01\\\/WELLS_NATALIDADE.png\",\"width\":1921,\"height\":1081},{\"@type\":\"BreadcrumbList\",\"@id\":\"https:\\\/\\\/mc.sonae.pt\\\/en\\\/news\\\/wells-celebrates-all-2023-births-along-with-families\\\/#breadcrumb\",\"itemListElement\":[{\"@type\":\"ListItem\",\"position\":1,\"name\":\"In\u00edcio\",\"item\":\"https:\\\/\\\/mc.sonae.pt\\\/en\\\/\"},{\"@type\":\"ListItem\",\"position\":2,\"name\":\"WELLS CELEBRATES ALL 2023 BIRTHS ALONG WITH FAMILIES\"}]},{\"@type\":\"WebSite\",\"@id\":\"https:\\\/\\\/mc.sonae.pt\\\/#website\",\"url\":\"https:\\\/\\\/mc.sonae.pt\\\/\",\"name\":\"SonaeMC\",\"description\":\"L\u00edder do retalho alimentar em Portugal\",\"publisher\":{\"@id\":\"https:\\\/\\\/mc.sonae.pt\\\/#organization\"},\"potentialAction\":[{\"@type\":\"SearchAction\",\"target\":{\"@type\":\"EntryPoint\",\"urlTemplate\":\"https:\\\/\\\/mc.sonae.pt\\\/?s={search_term_string}\"},\"query-input\":{\"@type\":\"PropertyValueSpecification\",\"valueRequired\":true,\"valueName\":\"search_term_string\"}}],\"inLanguage\":\"en-US\"},{\"@type\":\"Organization\",\"@id\":\"https:\\\/\\\/mc.sonae.pt\\\/#organization\",\"name\":\"Sonae MC\",\"url\":\"https:\\\/\\\/mc.sonae.pt\\\/\",\"logo\":{\"@type\":\"ImageObject\",\"inLanguage\":\"en-US\",\"@id\":\"https:\\\/\\\/mc.sonae.pt\\\/#\\\/schema\\\/logo\\\/image\\\/\",\"url\":\"https:\\\/\\\/mc.sonae.pt\\\/wp-content\\\/uploads\\\/2018\\\/10\\\/logo.svg\",\"contentUrl\":\"https:\\\/\\\/mc.sonae.pt\\\/wp-content\\\/uploads\\\/2018\\\/10\\\/logo.svg\",\"width\":1,\"height\":1,\"caption\":\"Sonae MC\"},\"image\":{\"@id\":\"https:\\\/\\\/mc.sonae.pt\\\/#\\\/schema\\\/logo\\\/image\\\/\"}},{\"@type\":\"Person\",\"@id\":\"https:\\\/\\\/mc.sonae.pt\\\/#\\\/schema\\\/person\\\/42e8f51729ceffc681182614a8c86242\",\"name\":\"Rita Figueiredo\",\"image\":{\"@type\":\"ImageObject\",\"inLanguage\":\"en-US\",\"@id\":\"https:\\\/\\\/secure.gravatar.com\\\/avatar\\\/5b2a27be159e6b362b1a34b54ae8279087dff073c500169bb71248dc2f417366?s=96&d=mm&r=g\",\"url\":\"https:\\\/\\\/secure.gravatar.com\\\/avatar\\\/5b2a27be159e6b362b1a34b54ae8279087dff073c500169bb71248dc2f417366?s=96&d=mm&r=g\",\"contentUrl\":\"https:\\\/\\\/secure.gravatar.com\\\/avatar\\\/5b2a27be159e6b362b1a34b54ae8279087dff073c500169bb71248dc2f417366?s=96&d=mm&r=g\",\"caption\":\"Rita Figueiredo\"}}]}<\/script>\n<!-- \/ Yoast SEO plugin. -->","yoast_head_json":{"title":"WELLS CELEBRATES ALL 2023 BIRTHS ALONG WITH FAMILIES - MC","robots":{"index":"index","follow":"follow","max-snippet":"max-snippet:-1","max-image-preview":"max-image-preview:large","max-video-preview":"max-video-preview:-1"},"canonical":"https:\/\/mc.sonae.pt\/en\/news\/wells-celebrates-all-2023-births-along-with-families\/","og_locale":"en_US","og_type":"article","og_title":"WELLS CELEBRATES ALL 2023 BIRTHS ALONG WITH FAMILIES - MC","og_description":"Since 2018, Wells has celebrated more than 200,000 births by gifting the Baby Wells Kit and this year renews the [&hellip;]","og_url":"https:\/\/mc.sonae.pt\/en\/news\/wells-celebrates-all-2023-births-along-with-families\/","og_site_name":"MC","article_published_time":"2023-01-03T12:09:24+00:00","article_modified_time":"2023-01-04T12:53:16+00:00","og_image":[{"width":1921,"height":1081,"url":"https:\/\/mc.sonae.pt\/wp-content\/uploads\/2023\/01\/WELLS_NATALIDADE.png","type":"image\/png"}],"author":"Rita Figueiredo","twitter_card":"summary_large_image","twitter_misc":{"Written by":"Rita Figueiredo","Est. reading time":"3 minutes"},"schema":{"@context":"https:\/\/schema.org","@graph":[{"@type":"Article","@id":"https:\/\/mc.sonae.pt\/en\/news\/wells-celebrates-all-2023-births-along-with-families\/#article","isPartOf":{"@id":"https:\/\/mc.sonae.pt\/en\/news\/wells-celebrates-all-2023-births-along-with-families\/"},"author":{"name":"Rita Figueiredo","@id":"https:\/\/mc.sonae.pt\/#\/schema\/person\/42e8f51729ceffc681182614a8c86242"},"headline":"WELLS CELEBRATES ALL 2023 BIRTHS ALONG WITH FAMILIES","datePublished":"2023-01-03T12:09:24+00:00","dateModified":"2023-01-04T12:53:16+00:00","mainEntityOfPage":{"@id":"https:\/\/mc.sonae.pt\/en\/news\/wells-celebrates-all-2023-births-along-with-families\/"},"wordCount":517,"publisher":{"@id":"https:\/\/mc.sonae.pt\/#organization"},"image":{"@id":"https:\/\/mc.sonae.pt\/en\/news\/wells-celebrates-all-2023-births-along-with-families\/#primaryimage"},"thumbnailUrl":"https:\/\/mc.sonae.pt\/wp-content\/uploads\/2023\/01\/WELLS_NATALIDADE.png","articleSection":["News","Well's"],"inLanguage":"en-US"},{"@type":"WebPage","@id":"https:\/\/mc.sonae.pt\/en\/news\/wells-celebrates-all-2023-births-along-with-families\/","url":"https:\/\/mc.sonae.pt\/en\/news\/wells-celebrates-all-2023-births-along-with-families\/","name":"WELLS CELEBRATES ALL 2023 BIRTHS ALONG WITH FAMILIES - MC","isPartOf":{"@id":"https:\/\/mc.sonae.pt\/#website"},"primaryImageOfPage":{"@id":"https:\/\/mc.sonae.pt\/en\/news\/wells-celebrates-all-2023-births-along-with-families\/#primaryimage"},"image":{"@id":"https:\/\/mc.sonae.pt\/en\/news\/wells-celebrates-all-2023-births-along-with-families\/#primaryimage"},"thumbnailUrl":"https:\/\/mc.sonae.pt\/wp-content\/uploads\/2023\/01\/WELLS_NATALIDADE.png","datePublished":"2023-01-03T12:09:24+00:00","dateModified":"2023-01-04T12:53:16+00:00","breadcrumb":{"@id":"https:\/\/mc.sonae.pt\/en\/news\/wells-celebrates-all-2023-births-along-with-families\/#breadcrumb"},"inLanguage":"en-US","potentialAction":[{"@type":"ReadAction","target":["https:\/\/mc.sonae.pt\/en\/news\/wells-celebrates-all-2023-births-along-with-families\/"]}]},{"@type":"ImageObject","inLanguage":"en-US","@id":"https:\/\/mc.sonae.pt\/en\/news\/wells-celebrates-all-2023-births-along-with-families\/#primaryimage","url":"https:\/\/mc.sonae.pt\/wp-content\/uploads\/2023\/01\/WELLS_NATALIDADE.png","contentUrl":"https:\/\/mc.sonae.pt\/wp-content\/uploads\/2023\/01\/WELLS_NATALIDADE.png","width":1921,"height":1081},{"@type":"BreadcrumbList","@id":"https:\/\/mc.sonae.pt\/en\/news\/wells-celebrates-all-2023-births-along-with-families\/#breadcrumb","itemListElement":[{"@type":"ListItem","position":1,"name":"In\u00edcio","item":"https:\/\/mc.sonae.pt\/en\/"},{"@type":"ListItem","position":2,"name":"WELLS CELEBRATES ALL 2023 BIRTHS ALONG WITH FAMILIES"}]},{"@type":"WebSite","@id":"https:\/\/mc.sonae.pt\/#website","url":"https:\/\/mc.sonae.pt\/","name":"SonaeMC","description":"L\u00edder do retalho alimentar em Portugal","publisher":{"@id":"https:\/\/mc.sonae.pt\/#organization"},"potentialAction":[{"@type":"SearchAction","target":{"@type":"EntryPoint","urlTemplate":"https:\/\/mc.sonae.pt\/?s={search_term_string}"},"query-input":{"@type":"PropertyValueSpecification","valueRequired":true,"valueName":"search_term_string"}}],"inLanguage":"en-US"},{"@type":"Organization","@id":"https:\/\/mc.sonae.pt\/#organization","name":"Sonae MC","url":"https:\/\/mc.sonae.pt\/","logo":{"@type":"ImageObject","inLanguage":"en-US","@id":"https:\/\/mc.sonae.pt\/#\/schema\/logo\/image\/","url":"https:\/\/mc.sonae.pt\/wp-content\/uploads\/2018\/10\/logo.svg","contentUrl":"https:\/\/mc.sonae.pt\/wp-content\/uploads\/2018\/10\/logo.svg","width":1,"height":1,"caption":"Sonae MC"},"image":{"@id":"https:\/\/mc.sonae.pt\/#\/schema\/logo\/image\/"}},{"@type":"Person","@id":"https:\/\/mc.sonae.pt\/#\/schema\/person\/42e8f51729ceffc681182614a8c86242","name":"Rita Figueiredo","image":{"@type":"ImageObject","inLanguage":"en-US","@id":"https:\/\/secure.gravatar.com\/avatar\/5b2a27be159e6b362b1a34b54ae8279087dff073c500169bb71248dc2f417366?s=96&d=mm&r=g","url":"https:\/\/secure.gravatar.com\/avatar\/5b2a27be159e6b362b1a34b54ae8279087dff073c500169bb71248dc2f417366?s=96&d=mm&r=g","contentUrl":"https:\/\/secure.gravatar.com\/avatar\/5b2a27be159e6b362b1a34b54ae8279087dff073c500169bb71248dc2f417366?s=96&d=mm&r=g","caption":"Rita Figueiredo"}}]}},"_links":{"self":[{"href":"https:\/\/mc.sonae.pt\/en\/wp-json\/wp\/v2\/posts\/13706","targetHints":{"allow":["GET"]}}],"collection":[{"href":"https:\/\/mc.sonae.pt\/en\/wp-json\/wp\/v2\/posts"}],"about":[{"href":"https:\/\/mc.sonae.pt\/en\/wp-json\/wp\/v2\/types\/post"}],"author":[{"embeddable":true,"href":"https:\/\/mc.sonae.pt\/en\/wp-json\/wp\/v2\/users\/19"}],"replies":[{"embeddable":true,"href":"https:\/\/mc.sonae.pt\/en\/wp-json\/wp\/v2\/comments?post=13706"}],"version-history":[{"count":0,"href":"https:\/\/mc.sonae.pt\/en\/wp-json\/wp\/v2\/posts\/13706\/revisions"}],"wp:featuredmedia":[{"embeddable":true,"href":"https:\/\/mc.sonae.pt\/en\/wp-json\/wp\/v2\/media\/13698"}],"wp:attachment":[{"href":"https:\/\/mc.sonae.pt\/en\/wp-json\/wp\/v2\/media?parent=13706"}],"wp:term":[{"taxonomy":"category","embeddable":true,"href":"https:\/\/mc.sonae.pt\/en\/wp-json\/wp\/v2\/categories?post=13706"},{"taxonomy":"post_tag","embeddable":true,"href":"https:\/\/mc.sonae.pt\/en\/wp-json\/wp\/v2\/tags?post=13706"}],"curies":[{"name":"wp","href":"https:\/\/api.w.org\/{rel}","templated":true}]}}